{"id":11272,"date":"2025-07-04T11:18:28","date_gmt":"2025-07-04T09:18:28","guid":{"rendered":"https:\/\/stalag-moosburg.de\/?p=11272"},"modified":"2026-03-22T16:22:30","modified_gmt":"2026-03-22T15:22:30","slug":"auf-spurensuche-im-ehemaligen-stalag-vii-a-tv-beitrag-in-der-mediathek-von-niederbayern-tv","status":"publish","type":"post","link":"https:\/\/stalag-moosburg.de\/fr\/auf-spurensuche-im-ehemaligen-stalag-vii-a-tv-beitrag-in-der-mediathek-von-niederbayern-tv\/","title":{"rendered":"Auf Spurensuche im ehemaligen Stalag VII A \u2013 TV-Beitrag in der Mediathek von Niederbayern TV"},"content":{"rendered":"<p data-start=\"202\" data-end=\"437\">Warum wurde das gr\u00f6\u00dfte Kriegsgefangenenlager des Deutschen Reiches ausgerechnet in Moosburg errichtet? Wie war das Lager aufgebaut, unter welchen Bedingungen lebten die Gefangenen \u2013 und welche Spuren des Lagers sind bis heute sichtbar?<\/p>\n<p data-start=\"439\" data-end=\"782\">Diesen und weiteren spannenden Fragen ist Daniel Schleinkofer von Niederbayern TV in einem <a href=\"https:\/\/passau.niederbayerntv.de\/mediathek\/video\/patria-auf-den-spuren-des-kriegsgefangenenlagers-stalag-viia-in-moosburg\/\">aktuellen Beitrag<\/a> nachgegangen. Gemeinsam mit unserer Vereinsvorsitzenden Tina Naumovic begibt er sich auf einen Rundgang \u00fcber das ehemalige Lagergel\u00e4nde und erkundet die historische Bedeutung des Stalag VII A f\u00fcr die Stadt Moosburg \u2013 damals wie heute.<\/p>","protected":false},"excerpt":{"rendered":"<p>Ein sehenswerter Beitrag in der Mediathek von Niederbayern TV begleitet unsere Vereinsvorsitzende Tina Naumovic und Reporter Daniel Schleinkofer auf einen Rundgang \u00fcber das historische Gel\u00e4nde. <\/p>","protected":false},"author":3,"featured_media":11273,"comment_status":"closed","ping_status":"closed","sticky":false,"template":"","format":"standard","meta":{"footnotes":""},"categories":[1],"tags":[126,128,129,127],"class_list":["post-11272","post","type-post","status-publish","format-standard","has-post-thumbnail","hentry","category-aktuelles","tag-beitrag","tag-fernsehbeitrag","tag-mediathek","tag-niederbayern-tv"],"yoast_head":"<!-- This site is optimized with the Yoast SEO plugin v27.4 - https:\/\/yoast.com\/product\/yoast-seo-wordpress\/ -->\n<title>Auf Spurensuche im ehemaligen Stalag VII A \u2013 TV-Beitrag in der Mediathek von Niederbayern TV - Stalag Moosburg e.V.<\/title>\n<meta name=\"robots\" content=\"index, follow, max-snippet:-1, max-image-preview:large, max-video-preview:-1\" \/>\n<link rel=\"canonical\" href=\"https:\/\/stalag-moosburg.de\/fr\/auf-spurensuche-im-ehemaligen-stalag-vii-a-tv-beitrag-in-der-mediathek-von-niederbayern-tv\/\" \/>\n<meta property=\"og:locale\" content=\"fr_FR\" \/>\n<meta property=\"og:type\" content=\"article\" \/>\n<meta property=\"og:title\" content=\"Auf Spurensuche im ehemaligen Stalag VII A \u2013 TV-Beitrag in der Mediathek von Niederbayern TV - Stalag Moosburg e.V.\" \/>\n<meta property=\"og:description\" content=\"Ein sehenswerter Beitrag in der Mediathek von Niederbayern TV begleitet unsere Vereinsvorsitzende Tina Naumovic und Reporter Daniel Schleinkofer auf einen Rundgang \u00fcber das historische Gel\u00e4nde.\" \/>\n<meta property=\"og:url\" content=\"https:\/\/stalag-moosburg.de\/fr\/auf-spurensuche-im-ehemaligen-stalag-vii-a-tv-beitrag-in-der-mediathek-von-niederbayern-tv\/\" \/>\n<meta property=\"og:site_name\" content=\"Stalag Moosburg e.V.\" \/>\n<meta property=\"article:publisher\" content=\"https:\/\/www.facebook.com\/stalag.moosburg\" \/>\n<meta property=\"article:published_time\" content=\"2025-07-04T09:18:28+00:00\" \/>\n<meta property=\"article:modified_time\" content=\"2026-03-22T15:22:30+00:00\" \/>\n<meta property=\"og:image\" content=\"https:\/\/stalag-moosburg.de\/wp-content\/uploads\/2025\/07\/Screenshot-2025-07-04-110101.png\" \/>\n\t<meta property=\"og:image:width\" content=\"1806\" \/>\n\t<meta property=\"og:image:height\" content=\"944\" \/>\n\t<meta property=\"og:image:type\" content=\"image\/png\" \/>\n<meta name=\"author\" content=\"G\u00fcnther\" \/>\n<meta name=\"twitter:card\" content=\"summary_large_image\" \/>\n<meta name=\"twitter:label1\" content=\"\u00c9crit par\" \/>\n\t<meta name=\"twitter:data1\" content=\"G\u00fcnther\" \/>\n\t<meta name=\"twitter:label2\" content=\"Dur\u00e9e de lecture estim\u00e9e\" \/>\n\t<meta name=\"twitter:data2\" content=\"1 minute\" \/>\n<script type=\"application\/ld+json\" class=\"yoast-schema-graph\">{\"@context\":\"https:\\\/\\\/schema.org\",\"@graph\":[{\"@type\":\"Article\",\"@id\":\"https:\\\/\\\/stalag-moosburg.de\\\/auf-spurensuche-im-ehemaligen-stalag-vii-a-tv-beitrag-in-der-mediathek-von-niederbayern-tv\\\/#article\",\"isPartOf\":{\"@id\":\"https:\\\/\\\/stalag-moosburg.de\\\/auf-spurensuche-im-ehemaligen-stalag-vii-a-tv-beitrag-in-der-mediathek-von-niederbayern-tv\\\/\"},\"author\":{\"name\":\"G\u00fcnther\",\"@id\":\"https:\\\/\\\/stalag-moosburg.de\\\/#\\\/schema\\\/person\\\/6e60cccef86339df521613859b00f085\"},\"headline\":\"Auf Spurensuche im ehemaligen Stalag VII A \u2013 TV-Beitrag in der Mediathek von Niederbayern TV\",\"datePublished\":\"2025-07-04T09:18:28+00:00\",\"dateModified\":\"2026-03-22T15:22:30+00:00\",\"mainEntityOfPage\":{\"@id\":\"https:\\\/\\\/stalag-moosburg.de\\\/auf-spurensuche-im-ehemaligen-stalag-vii-a-tv-beitrag-in-der-mediathek-von-niederbayern-tv\\\/\"},\"wordCount\":97,\"publisher\":{\"@id\":\"https:\\\/\\\/stalag-moosburg.de\\\/#organization\"},\"image\":{\"@id\":\"https:\\\/\\\/stalag-moosburg.de\\\/auf-spurensuche-im-ehemaligen-stalag-vii-a-tv-beitrag-in-der-mediathek-von-niederbayern-tv\\\/#primaryimage\"},\"thumbnailUrl\":\"https:\\\/\\\/stalag-moosburg.de\\\/wp-content\\\/uploads\\\/2025\\\/07\\\/Screenshot-2025-07-04-110101.png\",\"keywords\":[\"Beitrag\",\"Fernsehbeitrag\",\"Mediathek\",\"Niederbayern TV\"],\"articleSection\":[\"Aktuelles\"],\"inLanguage\":\"fr-FR\"},{\"@type\":\"WebPage\",\"@id\":\"https:\\\/\\\/stalag-moosburg.de\\\/auf-spurensuche-im-ehemaligen-stalag-vii-a-tv-beitrag-in-der-mediathek-von-niederbayern-tv\\\/\",\"url\":\"https:\\\/\\\/stalag-moosburg.de\\\/auf-spurensuche-im-ehemaligen-stalag-vii-a-tv-beitrag-in-der-mediathek-von-niederbayern-tv\\\/\",\"name\":\"Auf Spurensuche im ehemaligen Stalag VII A \u2013 TV-Beitrag in der Mediathek von Niederbayern TV - Stalag Moosburg e.V.\",\"isPartOf\":{\"@id\":\"https:\\\/\\\/stalag-moosburg.de\\\/#website\"},\"primaryImageOfPage\":{\"@id\":\"https:\\\/\\\/stalag-moosburg.de\\\/auf-spurensuche-im-ehemaligen-stalag-vii-a-tv-beitrag-in-der-mediathek-von-niederbayern-tv\\\/#primaryimage\"},\"image\":{\"@id\":\"https:\\\/\\\/stalag-moosburg.de\\\/auf-spurensuche-im-ehemaligen-stalag-vii-a-tv-beitrag-in-der-mediathek-von-niederbayern-tv\\\/#primaryimage\"},\"thumbnailUrl\":\"https:\\\/\\\/stalag-moosburg.de\\\/wp-content\\\/uploads\\\/2025\\\/07\\\/Screenshot-2025-07-04-110101.png\",\"datePublished\":\"2025-07-04T09:18:28+00:00\",\"dateModified\":\"2026-03-22T15:22:30+00:00\",\"breadcrumb\":{\"@id\":\"https:\\\/\\\/stalag-moosburg.de\\\/auf-spurensuche-im-ehemaligen-stalag-vii-a-tv-beitrag-in-der-mediathek-von-niederbayern-tv\\\/#breadcrumb\"},\"inLanguage\":\"fr-FR\",\"potentialAction\":[{\"@type\":\"ReadAction\",\"target\":[\"https:\\\/\\\/stalag-moosburg.de\\\/auf-spurensuche-im-ehemaligen-stalag-vii-a-tv-beitrag-in-der-mediathek-von-niederbayern-tv\\\/\"]}]},{\"@type\":\"ImageObject\",\"inLanguage\":\"fr-FR\",\"@id\":\"https:\\\/\\\/stalag-moosburg.de\\\/auf-spurensuche-im-ehemaligen-stalag-vii-a-tv-beitrag-in-der-mediathek-von-niederbayern-tv\\\/#primaryimage\",\"url\":\"https:\\\/\\\/stalag-moosburg.de\\\/wp-content\\\/uploads\\\/2025\\\/07\\\/Screenshot-2025-07-04-110101.png\",\"contentUrl\":\"https:\\\/\\\/stalag-moosburg.de\\\/wp-content\\\/uploads\\\/2025\\\/07\\\/Screenshot-2025-07-04-110101.png\",\"width\":1806,\"height\":944},{\"@type\":\"BreadcrumbList\",\"@id\":\"https:\\\/\\\/stalag-moosburg.de\\\/auf-spurensuche-im-ehemaligen-stalag-vii-a-tv-beitrag-in-der-mediathek-von-niederbayern-tv\\\/#breadcrumb\",\"itemListElement\":[{\"@type\":\"ListItem\",\"position\":1,\"name\":\"Home\",\"item\":\"https:\\\/\\\/stalag-moosburg.de\\\/\"},{\"@type\":\"ListItem\",\"position\":2,\"name\":\"Auf Spurensuche im ehemaligen Stalag VII A \u2013 TV-Beitrag in der Mediathek von Niederbayern TV\"}]},{\"@type\":\"WebSite\",\"@id\":\"https:\\\/\\\/stalag-moosburg.de\\\/#website\",\"url\":\"https:\\\/\\\/stalag-moosburg.de\\\/\",\"name\":\"Stalag Moosburg e.V.\",\"description\":\"Verein zur F\u00f6rderung interkultureller Begegnung\",\"publisher\":{\"@id\":\"https:\\\/\\\/stalag-moosburg.de\\\/#organization\"},\"potentialAction\":[{\"@type\":\"SearchAction\",\"target\":{\"@type\":\"EntryPoint\",\"urlTemplate\":\"https:\\\/\\\/stalag-moosburg.de\\\/?s={search_term_string}\"},\"query-input\":{\"@type\":\"PropertyValueSpecification\",\"valueRequired\":true,\"valueName\":\"search_term_string\"}}],\"inLanguage\":\"fr-FR\"},{\"@type\":\"Organization\",\"@id\":\"https:\\\/\\\/stalag-moosburg.de\\\/#organization\",\"name\":\"Stalag Moosburg e.V.\",\"url\":\"https:\\\/\\\/stalag-moosburg.de\\\/\",\"logo\":{\"@type\":\"ImageObject\",\"inLanguage\":\"fr-FR\",\"@id\":\"https:\\\/\\\/stalag-moosburg.de\\\/#\\\/schema\\\/logo\\\/image\\\/\",\"url\":\"https:\\\/\\\/stalag-moosburg.de\\\/wp-content\\\/uploads\\\/2021\\\/04\\\/Logo-Stalag-Verein-Rechteck.jpg\",\"contentUrl\":\"https:\\\/\\\/stalag-moosburg.de\\\/wp-content\\\/uploads\\\/2021\\\/04\\\/Logo-Stalag-Verein-Rechteck.jpg\",\"width\":1074,\"height\":960,\"caption\":\"Stalag Moosburg e.V.\"},\"image\":{\"@id\":\"https:\\\/\\\/stalag-moosburg.de\\\/#\\\/schema\\\/logo\\\/image\\\/\"},\"sameAs\":[\"https:\\\/\\\/www.facebook.com\\\/stalag.moosburg\"]},{\"@type\":\"Person\",\"@id\":\"https:\\\/\\\/stalag-moosburg.de\\\/#\\\/schema\\\/person\\\/6e60cccef86339df521613859b00f085\",\"name\":\"G\u00fcnther\",\"url\":\"https:\\\/\\\/stalag-moosburg.de\\\/fr\\\/author\\\/guenther\\\/\"}]}<\/script>\n<!-- \/ Yoast SEO plugin. -->","yoast_head_json":{"title":"Auf Spurensuche im ehemaligen Stalag VII A \u2013 TV-Beitrag in der Mediathek von Niederbayern TV - Stalag Moosburg e.V.","robots":{"index":"index","follow":"follow","max-snippet":"max-snippet:-1","max-image-preview":"max-image-preview:large","max-video-preview":"max-video-preview:-1"},"canonical":"https:\/\/stalag-moosburg.de\/fr\/auf-spurensuche-im-ehemaligen-stalag-vii-a-tv-beitrag-in-der-mediathek-von-niederbayern-tv\/","og_locale":"fr_FR","og_type":"article","og_title":"Auf Spurensuche im ehemaligen Stalag VII A \u2013 TV-Beitrag in der Mediathek von Niederbayern TV - Stalag Moosburg e.V.","og_description":"Ein sehenswerter Beitrag in der Mediathek von Niederbayern TV begleitet unsere Vereinsvorsitzende Tina Naumovic und Reporter Daniel Schleinkofer auf einen Rundgang \u00fcber das historische Gel\u00e4nde.","og_url":"https:\/\/stalag-moosburg.de\/fr\/auf-spurensuche-im-ehemaligen-stalag-vii-a-tv-beitrag-in-der-mediathek-von-niederbayern-tv\/","og_site_name":"Stalag Moosburg e.V.","article_publisher":"https:\/\/www.facebook.com\/stalag.moosburg","article_published_time":"2025-07-04T09:18:28+00:00","article_modified_time":"2026-03-22T15:22:30+00:00","og_image":[{"width":1806,"height":944,"url":"https:\/\/stalag-moosburg.de\/wp-content\/uploads\/2025\/07\/Screenshot-2025-07-04-110101.png","type":"image\/png"}],"author":"G\u00fcnther","twitter_card":"summary_large_image","twitter_misc":{"\u00c9crit par":"G\u00fcnther","Dur\u00e9e de lecture estim\u00e9e":"1 minute"},"schema":{"@context":"https:\/\/schema.org","@graph":[{"@type":"Article","@id":"https:\/\/stalag-moosburg.de\/auf-spurensuche-im-ehemaligen-stalag-vii-a-tv-beitrag-in-der-mediathek-von-niederbayern-tv\/#article","isPartOf":{"@id":"https:\/\/stalag-moosburg.de\/auf-spurensuche-im-ehemaligen-stalag-vii-a-tv-beitrag-in-der-mediathek-von-niederbayern-tv\/"},"author":{"name":"G\u00fcnther","@id":"https:\/\/stalag-moosburg.de\/#\/schema\/person\/6e60cccef86339df521613859b00f085"},"headline":"Auf Spurensuche im ehemaligen Stalag VII A \u2013 TV-Beitrag in der Mediathek von Niederbayern TV","datePublished":"2025-07-04T09:18:28+00:00","dateModified":"2026-03-22T15:22:30+00:00","mainEntityOfPage":{"@id":"https:\/\/stalag-moosburg.de\/auf-spurensuche-im-ehemaligen-stalag-vii-a-tv-beitrag-in-der-mediathek-von-niederbayern-tv\/"},"wordCount":97,"publisher":{"@id":"https:\/\/stalag-moosburg.de\/#organization"},"image":{"@id":"https:\/\/stalag-moosburg.de\/auf-spurensuche-im-ehemaligen-stalag-vii-a-tv-beitrag-in-der-mediathek-von-niederbayern-tv\/#primaryimage"},"thumbnailUrl":"https:\/\/stalag-moosburg.de\/wp-content\/uploads\/2025\/07\/Screenshot-2025-07-04-110101.png","keywords":["Beitrag","Fernsehbeitrag","Mediathek","Niederbayern TV"],"articleSection":["Aktuelles"],"inLanguage":"fr-FR"},{"@type":"WebPage","@id":"https:\/\/stalag-moosburg.de\/auf-spurensuche-im-ehemaligen-stalag-vii-a-tv-beitrag-in-der-mediathek-von-niederbayern-tv\/","url":"https:\/\/stalag-moosburg.de\/auf-spurensuche-im-ehemaligen-stalag-vii-a-tv-beitrag-in-der-mediathek-von-niederbayern-tv\/","name":"Auf Spurensuche im ehemaligen Stalag VII A \u2013 TV-Beitrag in der Mediathek von Niederbayern TV - Stalag Moosburg e.V.","isPartOf":{"@id":"https:\/\/stalag-moosburg.de\/#website"},"primaryImageOfPage":{"@id":"https:\/\/stalag-moosburg.de\/auf-spurensuche-im-ehemaligen-stalag-vii-a-tv-beitrag-in-der-mediathek-von-niederbayern-tv\/#primaryimage"},"image":{"@id":"https:\/\/stalag-moosburg.de\/auf-spurensuche-im-ehemaligen-stalag-vii-a-tv-beitrag-in-der-mediathek-von-niederbayern-tv\/#primaryimage"},"thumbnailUrl":"https:\/\/stalag-moosburg.de\/wp-content\/uploads\/2025\/07\/Screenshot-2025-07-04-110101.png","datePublished":"2025-07-04T09:18:28+00:00","dateModified":"2026-03-22T15:22:30+00:00","breadcrumb":{"@id":"https:\/\/stalag-moosburg.de\/auf-spurensuche-im-ehemaligen-stalag-vii-a-tv-beitrag-in-der-mediathek-von-niederbayern-tv\/#breadcrumb"},"inLanguage":"fr-FR","potentialAction":[{"@type":"ReadAction","target":["https:\/\/stalag-moosburg.de\/auf-spurensuche-im-ehemaligen-stalag-vii-a-tv-beitrag-in-der-mediathek-von-niederbayern-tv\/"]}]},{"@type":"ImageObject","inLanguage":"fr-FR","@id":"https:\/\/stalag-moosburg.de\/auf-spurensuche-im-ehemaligen-stalag-vii-a-tv-beitrag-in-der-mediathek-von-niederbayern-tv\/#primaryimage","url":"https:\/\/stalag-moosburg.de\/wp-content\/uploads\/2025\/07\/Screenshot-2025-07-04-110101.png","contentUrl":"https:\/\/stalag-moosburg.de\/wp-content\/uploads\/2025\/07\/Screenshot-2025-07-04-110101.png","width":1806,"height":944},{"@type":"BreadcrumbList","@id":"https:\/\/stalag-moosburg.de\/auf-spurensuche-im-ehemaligen-stalag-vii-a-tv-beitrag-in-der-mediathek-von-niederbayern-tv\/#breadcrumb","itemListElement":[{"@type":"ListItem","position":1,"name":"Home","item":"https:\/\/stalag-moosburg.de\/"},{"@type":"ListItem","position":2,"name":"Auf Spurensuche im ehemaligen Stalag VII A \u2013 TV-Beitrag in der Mediathek von Niederbayern TV"}]},{"@type":"WebSite","@id":"https:\/\/stalag-moosburg.de\/#website","url":"https:\/\/stalag-moosburg.de\/","name":"Stalag Moosburg e.V.","description":"Verein zur F\u00f6rderung interkultureller Begegnung","publisher":{"@id":"https:\/\/stalag-moosburg.de\/#organization"},"potentialAction":[{"@type":"SearchAction","target":{"@type":"EntryPoint","urlTemplate":"https:\/\/stalag-moosburg.de\/?s={search_term_string}"},"query-input":{"@type":"PropertyValueSpecification","valueRequired":true,"valueName":"search_term_string"}}],"inLanguage":"fr-FR"},{"@type":"Organization","@id":"https:\/\/stalag-moosburg.de\/#organization","name":"Stalag Moosburg e.V.","url":"https:\/\/stalag-moosburg.de\/","logo":{"@type":"ImageObject","inLanguage":"fr-FR","@id":"https:\/\/stalag-moosburg.de\/#\/schema\/logo\/image\/","url":"https:\/\/stalag-moosburg.de\/wp-content\/uploads\/2021\/04\/Logo-Stalag-Verein-Rechteck.jpg","contentUrl":"https:\/\/stalag-moosburg.de\/wp-content\/uploads\/2021\/04\/Logo-Stalag-Verein-Rechteck.jpg","width":1074,"height":960,"caption":"Stalag Moosburg e.V."},"image":{"@id":"https:\/\/stalag-moosburg.de\/#\/schema\/logo\/image\/"},"sameAs":["https:\/\/www.facebook.com\/stalag.moosburg"]},{"@type":"Person","@id":"https:\/\/stalag-moosburg.de\/#\/schema\/person\/6e60cccef86339df521613859b00f085","name":"G\u00fcnther","url":"https:\/\/stalag-moosburg.de\/fr\/author\/guenther\/"}]}},"_links":{"self":[{"href":"https:\/\/stalag-moosburg.de\/fr\/wp-json\/wp\/v2\/posts\/11272","targetHints":{"allow":["GET"]}}],"collection":[{"href":"https:\/\/stalag-moosburg.de\/fr\/wp-json\/wp\/v2\/posts"}],"about":[{"href":"https:\/\/stalag-moosburg.de\/fr\/wp-json\/wp\/v2\/types\/post"}],"author":[{"embeddable":true,"href":"https:\/\/stalag-moosburg.de\/fr\/wp-json\/wp\/v2\/users\/3"}],"replies":[{"embeddable":true,"href":"https:\/\/stalag-moosburg.de\/fr\/wp-json\/wp\/v2\/comments?post=11272"}],"version-history":[{"count":1,"href":"https:\/\/stalag-moosburg.de\/fr\/wp-json\/wp\/v2\/posts\/11272\/revisions"}],"predecessor-version":[{"id":11274,"href":"https:\/\/stalag-moosburg.de\/fr\/wp-json\/wp\/v2\/posts\/11272\/revisions\/11274"}],"wp:featuredmedia":[{"embeddable":true,"href":"https:\/\/stalag-moosburg.de\/fr\/wp-json\/wp\/v2\/media\/11273"}],"wp:attachment":[{"href":"https:\/\/stalag-moosburg.de\/fr\/wp-json\/wp\/v2\/media?parent=11272"}],"wp:term":[{"taxonomy":"category","embeddable":true,"href":"https:\/\/stalag-moosburg.de\/fr\/wp-json\/wp\/v2\/categories?post=11272"},{"taxonomy":"post_tag","embeddable":true,"href":"https:\/\/stalag-moosburg.de\/fr\/wp-json\/wp\/v2\/tags?post=11272"}],"curies":[{"name":"wp","href":"https:\/\/api.w.org\/{rel}","templated":true}]}}